{"id":56,"date":"2016-11-09T14:41:41","date_gmt":"2016-11-09T16:41:41","guid":{"rendered":"http:\/\/www.regisadvogados.adv.br\/blog\/?p=56"},"modified":"2016-11-16T14:43:28","modified_gmt":"2016-11-16T16:43:28","slug":"direito-coletivo-trabalho","status":"publish","type":"post","link":"http:\/\/www.regisadvogados.adv.br\/blog\/2016\/11\/09\/direito-coletivo-trabalho\/","title":{"rendered":"O Direito Coletivo do Trabalho"},"content":{"rendered":"<p style=\"text-align: justify;\"><img loading=\"lazy\" decoding=\"async\" class=\"alignnone size-medium wp-image-58\" src=\"http:\/\/www.regisadvogados.adv.br\/blog\/wp-content\/uploads\/2016\/11\/direito-coletivo-do-trabalho-regis-advogados-2-300x147.png\" alt=\"direito-coletivo-do-trabalho-regis-advogados-2\" width=\"300\" height=\"147\" srcset=\"http:\/\/www.regisadvogados.adv.br\/blog\/wp-content\/uploads\/2016\/11\/direito-coletivo-do-trabalho-regis-advogados-2-300x147.png 300w, http:\/\/www.regisadvogados.adv.br\/blog\/wp-content\/uploads\/2016\/11\/direito-coletivo-do-trabalho-regis-advogados-2-768x375.png 768w, http:\/\/www.regisadvogados.adv.br\/blog\/wp-content\/uploads\/2016\/11\/direito-coletivo-do-trabalho-regis-advogados-2-1024x500.png 1024w, http:\/\/www.regisadvogados.adv.br\/blog\/wp-content\/uploads\/2016\/11\/direito-coletivo-do-trabalho-regis-advogados-2.png 1400w\" sizes=\"auto, (max-width: 300px) 100vw, 300px\" \/><\/p>\n<p style=\"text-align: justify;\">Toda <strong>rela\u00e7\u00e3o<\/strong> de <strong>trabalho<\/strong> envolve muitas outras partes do que as de <strong>empresa<\/strong> e <strong>empregado.<\/strong> Sendo assim, se fez necess\u00e1rio criar uma \u00e1rea do <strong>Direito<\/strong> especifica para a <strong>reger<\/strong> essas rela\u00e7\u00f5es de <a href=\"http:\/\/www.regisadvogados.adv.br\/direito-coletivo-trabalho\">forma coletiva<\/a>, visto que h\u00e1 sempre uma <strong>coletividade<\/strong> nesse <strong>processo.<\/strong><\/p>\n<h2 style=\"text-align: justify;\">Como o direito atua na coletividade trabalhista<\/h2>\n<p><img loading=\"lazy\" decoding=\"async\" class=\"alignnone size-medium wp-image-57\" src=\"http:\/\/www.regisadvogados.adv.br\/blog\/wp-content\/uploads\/2016\/11\/direito-coletivo-do-trabalho-regis-advogados-1-300x169.jpg\" alt=\"direito-coletivo-do-trabalho-regis-advogados-1\" width=\"300\" height=\"169\" srcset=\"http:\/\/www.regisadvogados.adv.br\/blog\/wp-content\/uploads\/2016\/11\/direito-coletivo-do-trabalho-regis-advogados-1-300x169.jpg 300w, http:\/\/www.regisadvogados.adv.br\/blog\/wp-content\/uploads\/2016\/11\/direito-coletivo-do-trabalho-regis-advogados-1-768x432.jpg 768w, http:\/\/www.regisadvogados.adv.br\/blog\/wp-content\/uploads\/2016\/11\/direito-coletivo-do-trabalho-regis-advogados-1-1024x576.jpg 1024w, http:\/\/www.regisadvogados.adv.br\/blog\/wp-content\/uploads\/2016\/11\/direito-coletivo-do-trabalho-regis-advogados-1.jpg 1920w\" sizes=\"auto, (max-width: 300px) 100vw, 300px\" \/><\/p>\n<p style=\"text-align: justify;\">Visto que toda rela\u00e7\u00e3o trabalhista envolve v\u00e1rios interessados, o <strong>Direito Coletivo do Trabalho<\/strong> vem para estudar e <strong>regulamentar<\/strong> as <strong>rela\u00e7\u00f5es coletivas<\/strong> desse <strong>\u00e2mbito.<\/strong> Direitos como representa\u00e7\u00e3o dos <strong>trabalhadores<\/strong> na <strong>empresa<\/strong> e <strong>organiza\u00e7\u00e3o sindical<\/strong> s\u00e3o alguns dos obtidos atrav\u00e9s desse<strong> ramo do direito<\/strong>.<\/p>\n<p style=\"text-align: justify;\">Sabendo que as <strong>rela\u00e7\u00f5es trabalhistas<\/strong> podem ser bastante fr\u00e1geis, a <a href=\"http:\/\/www.regisadvogados.adv.br\/\"><strong>assessoria jur\u00eddica<\/strong><\/a> \u00e9 uma maneira inteligente e segura de garantir que os <strong>direitos<\/strong> e <strong>deveres<\/strong> de ambos os lados sejam <strong>respeitados.<\/strong><\/p>\n<h2>Assessoria em Direito Coletivo do trabalho em Curitiba<\/h2>\n<p style=\"text-align: justify;\">A\u00a0Regis Advocacia\u00a0\u00e9 um escrit\u00f3rio especializado em prestar assessoria jur\u00eddica para empresas, principalmente na \u00e1rea de atendimento ao direito do trabalho, previdenci\u00e1rio, c\u00edvel, comercial e aos demais ramos do direito aplicado \u00e0 \u00e1rea empresarial. Nosso escrit\u00f3rio \u00e9 formado por profissionais respons\u00e1veis e qualificados para atender as demandas jur\u00eddicas de nossos clientes com grande presteza. Conhe\u00e7a a\u00a0Regis Advocacia, ligue: (41) 3324-9066 ou acesse:\u00a0<a href=\"http:\/\/www.regisadvogados.adv.br\/\">http:\/\/www.regisadvogados.adv.br\/<\/a>.<\/p>\n","protected":false},"excerpt":{"rendered":"<p>Toda rela\u00e7\u00e3o de trabalho envolve muitas outras partes do que as de empresa e empregado. Sendo assim, se fez necess\u00e1rio criar uma \u00e1rea do Direito especifica para a reger essas rela\u00e7\u00f5es de forma coletiva, visto que h\u00e1 sempre uma coletividade nesse processo. Como o direito atua na coletividade trabalhista Visto que toda rela\u00e7\u00e3o trabalhista envolve [&hellip;]<\/p>\n","protected":false},"author":1,"featured_media":57,"comment_status":"open","ping_status":"open","sticky":false,"template":"","format":"standard","meta":{"footnotes":""},"categories":[7],"tags":[18,17,12,13],"class_list":["post-56","post","type-post","status-publish","format-standard","has-post-thumbnail","hentry","category-direito-trabalhista","tag-coletivo","tag-direito-do-trabalho","tag-empresa","tag-trabalhador"],"_links":{"self":[{"href":"http:\/\/www.regisadvogados.adv.br\/blog\/wp-json\/wp\/v2\/posts\/56","targetHints":{"allow":["GET"]}}],"collection":[{"href":"http:\/\/www.regisadvogados.adv.br\/blog\/wp-json\/wp\/v2\/posts"}],"about":[{"href":"http:\/\/www.regisadvogados.adv.br\/blog\/wp-json\/wp\/v2\/types\/post"}],"author":[{"embeddable":true,"href":"http:\/\/www.regisadvogados.adv.br\/blog\/wp-json\/wp\/v2\/users\/1"}],"replies":[{"embeddable":true,"href":"http:\/\/www.regisadvogados.adv.br\/blog\/wp-json\/wp\/v2\/comments?post=56"}],"version-history":[{"count":2,"href":"http:\/\/www.regisadvogados.adv.br\/blog\/wp-json\/wp\/v2\/posts\/56\/revisions"}],"predecessor-version":[{"id":60,"href":"http:\/\/www.regisadvogados.adv.br\/blog\/wp-json\/wp\/v2\/posts\/56\/revisions\/60"}],"wp:featuredmedia":[{"embeddable":true,"href":"http:\/\/www.regisadvogados.adv.br\/blog\/wp-json\/wp\/v2\/media\/57"}],"wp:attachment":[{"href":"http:\/\/www.regisadvogados.adv.br\/blog\/wp-json\/wp\/v2\/media?parent=56"}],"wp:term":[{"taxonomy":"category","embeddable":true,"href":"http:\/\/www.regisadvogados.adv.br\/blog\/wp-json\/wp\/v2\/categories?post=56"},{"taxonomy":"post_tag","embeddable":true,"href":"http:\/\/www.regisadvogados.adv.br\/blog\/wp-json\/wp\/v2\/tags?post=56"}],"curies":[{"name":"wp","href":"https:\/\/api.w.org\/{rel}","templated":true}]}}