{"id":48,"date":"2016-10-26T11:25:02","date_gmt":"2016-10-26T13:25:02","guid":{"rendered":"http:\/\/www.regisadvogados.adv.br\/blog\/?p=48"},"modified":"2016-11-16T14:11:19","modified_gmt":"2016-11-16T16:11:19","slug":"direito-empresarial","status":"publish","type":"post","link":"http:\/\/www.regisadvogados.adv.br\/blog\/2016\/10\/26\/direito-empresarial\/","title":{"rendered":"A import\u00e2ncia do aux\u00edlio jur\u00eddica \u00e0s empresas"},"content":{"rendered":"<p><img loading=\"lazy\" decoding=\"async\" class=\"wp-image-51 size-medium aligncenter\" src=\"http:\/\/www.regisadvogados.adv.br\/blog\/wp-content\/uploads\/2016\/11\/direito-empresarial-regis-advogados-1-300x136.jpg\" alt=\"Direito Empresarial\" width=\"300\" height=\"136\" srcset=\"http:\/\/www.regisadvogados.adv.br\/blog\/wp-content\/uploads\/2016\/11\/direito-empresarial-regis-advogados-1-300x136.jpg 300w, http:\/\/www.regisadvogados.adv.br\/blog\/wp-content\/uploads\/2016\/11\/direito-empresarial-regis-advogados-1-768x349.jpg 768w, http:\/\/www.regisadvogados.adv.br\/blog\/wp-content\/uploads\/2016\/11\/direito-empresarial-regis-advogados-1-1024x465.jpg 1024w\" sizes=\"auto, (max-width: 300px) 100vw, 300px\" \/><\/p>\n<p style=\"text-align: justify;\">As <strong>quest\u00f5es jur\u00eddicas<\/strong> est\u00e3o presentes em todas as \u00e1reas de nossa <strong>sociedade.<\/strong> No mundo <strong>empresarial<\/strong> n\u00e3o seria diferente. Sabe-se que a <strong>abertura, manuten\u00e7\u00e3o<\/strong> ou <strong>fechamento<\/strong> \u00a0de uma <strong>empresa<\/strong> abrange muitos setores sociais e o <strong>Direito Empresarial<\/strong>\u00a0tem a tarefa de mediar os processos que tangem a\u00a0abertura, manuten\u00e7\u00e3o e fechamento dessas organiza\u00e7\u00f5es<b>.\u00a0<\/b><\/p>\n<h2 style=\"text-align: justify;\">A rela\u00e7\u00e3o empresa x Direito<\/h2>\n<p><img loading=\"lazy\" decoding=\"async\" class=\"alignnone size-medium wp-image-49\" src=\"http:\/\/www.regisadvogados.adv.br\/blog\/wp-content\/uploads\/2016\/11\/82724_direitosocietario-300x200.jpg\" alt=\"82724_direitosocietario\" width=\"300\" height=\"200\" srcset=\"http:\/\/www.regisadvogados.adv.br\/blog\/wp-content\/uploads\/2016\/11\/82724_direitosocietario-300x200.jpg 300w, http:\/\/www.regisadvogados.adv.br\/blog\/wp-content\/uploads\/2016\/11\/82724_direitosocietario-768x512.jpg 768w, http:\/\/www.regisadvogados.adv.br\/blog\/wp-content\/uploads\/2016\/11\/82724_direitosocietario-1024x683.jpg 1024w\" sizes=\"auto, (max-width: 300px) 100vw, 300px\" \/><\/p>\n<p style=\"text-align: justify;\">Uma <strong>empresa<\/strong> \u00e9 um tipo de <strong>organiza\u00e7\u00e3o<\/strong> que tem um funcionamento abrangente a\u00a0muitas \u00e1reas da sociedade.\u00a0Ou seja, ela nem de longe atua s\u00f3 no ramo a que se destina seus produtos ou servi\u00e7os, pois h\u00e1 um esbarramento em quest\u00f5es sociais, jur\u00eddicas, cont\u00e1beis entre muitas outras. Sendo assim, se viu a necessidade de que tivesse regras normatizadoras para esse contexto empresarial. A partir da\u00ed nasce o Direito Empresarial.<\/p>\n<p style=\"text-align: justify;\">As demandas jur\u00eddicas que envolvem uma empresa s\u00e3o muitas. Com isso,\u00a0\u00e9 importante que se tenha um profissional da \u00e1rea jur\u00eddica devidamente capacitado para representar os processos jur\u00eddicos de sua empresa.<\/p>\n<h2 style=\"text-align: justify;\">A necessidade de assessoria jur\u00eddica no mundo empresarial<\/h2>\n<p><img loading=\"lazy\" decoding=\"async\" class=\"alignnone size-medium wp-image-50\" src=\"http:\/\/www.regisadvogados.adv.br\/blog\/wp-content\/uploads\/2016\/11\/direito-empresarial-300x169.jpg\" alt=\"direito-empresarial\" width=\"300\" height=\"169\" srcset=\"http:\/\/www.regisadvogados.adv.br\/blog\/wp-content\/uploads\/2016\/11\/direito-empresarial-300x169.jpg 300w, http:\/\/www.regisadvogados.adv.br\/blog\/wp-content\/uploads\/2016\/11\/direito-empresarial-768x432.jpg 768w, http:\/\/www.regisadvogados.adv.br\/blog\/wp-content\/uploads\/2016\/11\/direito-empresarial-1024x576.jpg 1024w, http:\/\/www.regisadvogados.adv.br\/blog\/wp-content\/uploads\/2016\/11\/direito-empresarial.jpg 1920w\" sizes=\"auto, (max-width: 300px) 100vw, 300px\" \/><\/p>\n<p style=\"text-align: justify;\">Empresas de pequeno e grande porte necessitam de <a href=\"http:\/\/www.regisadvogados.adv.br\/direito-empresarial\">orienta\u00e7\u00e3o jur\u00eddica<\/a>, isso porque s\u00e3o v\u00e1rios processos jur\u00eddicos que podem envolver uma companhia.\u00a0Por isso, o Direito Empresarial vem para auxiliar essas empresas para que atuem sempre de acordo com as leis vigentes.<br \/>\nContar com esse tipo de assessoria \u00e9 a garantia de que sua empresa e funcion\u00e1rios atuar\u00e3o de maneira legal, evitando adversidades diversas no quesito jur\u00eddico.<\/p>\n<h2 style=\"text-align: justify;\">Assessoria jur\u00eddica para empresas em Curitiba<\/h2>\n<p>A\u00a0Regis Advocacia\u00a0\u00e9 um escrit\u00f3rio especializado em prestar assessoria jur\u00eddica para empresas, principalmente na \u00e1rea de atendimento ao direito do trabalho, previdenci\u00e1rio, c\u00edvel, comercial e aos demais ramos do direito aplicado \u00e0 \u00e1rea empresarial. Nosso escrit\u00f3rio \u00e9 formado por profissionais respons\u00e1veis e qualificados para atender as demandas jur\u00eddicas de nossos clientes com grande presteza. Conhe\u00e7a a\u00a0Regis Advocacia, ligue: (41) 3324-9066 ou acesse:\u00a0<a href=\"http:\/\/www.regisadvogados.adv.br\/\">http:\/\/www.regisadvogados.adv.br\/<\/a>.<\/p>\n","protected":false},"excerpt":{"rendered":"<p>As quest\u00f5es jur\u00eddicas est\u00e3o presentes em todas as \u00e1reas de nossa sociedade. No mundo empresarial n\u00e3o seria diferente. Sabe-se que a abertura, manuten\u00e7\u00e3o ou fechamento \u00a0de uma empresa abrange muitos setores sociais e o Direito Empresarial\u00a0tem a tarefa de mediar os processos que tangem a\u00a0abertura, manuten\u00e7\u00e3o e fechamento dessas organiza\u00e7\u00f5es.\u00a0 A rela\u00e7\u00e3o empresa x Direito [&hellip;]<\/p>\n","protected":false},"author":1,"featured_media":51,"comment_status":"open","ping_status":"open","sticky":false,"template":"","format":"standard","meta":{"footnotes":""},"categories":[14],"tags":[15,12,16],"class_list":["post-48","post","type-post","status-publish","format-standard","has-post-thumbnail","hentry","category-direito-empresarial","tag-direito-empresarial","tag-empresa","tag-sociedade"],"_links":{"self":[{"href":"http:\/\/www.regisadvogados.adv.br\/blog\/wp-json\/wp\/v2\/posts\/48","targetHints":{"allow":["GET"]}}],"collection":[{"href":"http:\/\/www.regisadvogados.adv.br\/blog\/wp-json\/wp\/v2\/posts"}],"about":[{"href":"http:\/\/www.regisadvogados.adv.br\/blog\/wp-json\/wp\/v2\/types\/post"}],"author":[{"embeddable":true,"href":"http:\/\/www.regisadvogados.adv.br\/blog\/wp-json\/wp\/v2\/users\/1"}],"replies":[{"embeddable":true,"href":"http:\/\/www.regisadvogados.adv.br\/blog\/wp-json\/wp\/v2\/comments?post=48"}],"version-history":[{"count":4,"href":"http:\/\/www.regisadvogados.adv.br\/blog\/wp-json\/wp\/v2\/posts\/48\/revisions"}],"predecessor-version":[{"id":55,"href":"http:\/\/www.regisadvogados.adv.br\/blog\/wp-json\/wp\/v2\/posts\/48\/revisions\/55"}],"wp:featuredmedia":[{"embeddable":true,"href":"http:\/\/www.regisadvogados.adv.br\/blog\/wp-json\/wp\/v2\/media\/51"}],"wp:attachment":[{"href":"http:\/\/www.regisadvogados.adv.br\/blog\/wp-json\/wp\/v2\/media?parent=48"}],"wp:term":[{"taxonomy":"category","embeddable":true,"href":"http:\/\/www.regisadvogados.adv.br\/blog\/wp-json\/wp\/v2\/categories?post=48"},{"taxonomy":"post_tag","embeddable":true,"href":"http:\/\/www.regisadvogados.adv.br\/blog\/wp-json\/wp\/v2\/tags?post=48"}],"curies":[{"name":"wp","href":"https:\/\/api.w.org\/{rel}","templated":true}]}}