{"id":34,"date":"2016-10-06T10:20:25","date_gmt":"2016-10-06T13:20:25","guid":{"rendered":"http:\/\/www.regisadvogados.adv.br\/blog\/?p=34"},"modified":"2017-01-20T14:12:46","modified_gmt":"2017-01-20T16:12:46","slug":"direito-trabalhista","status":"publish","type":"post","link":"http:\/\/www.regisadvogados.adv.br\/blog\/2016\/10\/06\/direito-trabalhista\/","title":{"rendered":"Como o direito atua nas rela\u00e7\u00f5es trabalhistas"},"content":{"rendered":"<p style=\"text-align: justify;\"><img loading=\"lazy\" decoding=\"async\" class=\"alignnone wp-image-38 size-full\" src=\"http:\/\/www.regisadvogados.adv.br\/blog\/wp-content\/uploads\/2016\/10\/trabalho.jpg\" alt=\"trabalho\" width=\"960\" height=\"641\" srcset=\"http:\/\/www.regisadvogados.adv.br\/blog\/wp-content\/uploads\/2016\/10\/trabalho.jpg 960w, http:\/\/www.regisadvogados.adv.br\/blog\/wp-content\/uploads\/2016\/10\/trabalho-300x200.jpg 300w, http:\/\/www.regisadvogados.adv.br\/blog\/wp-content\/uploads\/2016\/10\/trabalho-768x513.jpg 768w\" sizes=\"auto, (max-width: 960px) 100vw, 960px\" \/><\/p>\n<p style=\"text-align: justify;\">\n<p style=\"text-align: justify;\">Como todos sabem, o <strong>Direito<\/strong> atua em diversas \u00e1reas da sociedade visando o bom funcionamento da mesma. No que diz respeito as <strong>rela\u00e7\u00f5es de trabalho<\/strong> n\u00e3o seria diferente. O <a href=\"http:\/\/www.regisadvogados.adv.br\/\"><strong>Direito Trabalhista<\/strong><\/a>, ou <strong>direito do trabalho<\/strong>, incide sobre o conjunto de <strong>normas<\/strong> que <strong>regem as rela\u00e7\u00f5es entre empregadores e empregados<\/strong>. Sendo assim, ele se mostra de suma import\u00e2ncia \u00e0 boa flu\u00eancia do <strong>v\u00ednculo empregat\u00edcio<\/strong> de ambas as partes.<\/p>\n<h2 style=\"text-align: justify;\">O que \u00e9 o direito trabalhista?<\/h2>\n<p style=\"text-align: justify;\"><strong>Direito\u00a0do trabalho<\/strong> \u00e9 o conjunto de normas jur\u00eddicas que regem as rela\u00e7\u00f5es entre <strong>empregados e empregadores<\/strong>, s\u00e3o os direitos resultantes da condi\u00e7\u00e3o <strong>jur\u00eddica<\/strong> dos <strong>trabalhadores.<\/strong> Ou seja, \u00e9 atrav\u00e9s dele que as anormalidades dessas rela\u00e7\u00f5es s\u00e3o julgadas.<\/p>\n<p style=\"text-align: justify;\">Como uma vertente especifica do Direito, ele tem suas subjetividades. Por isso, ao precisar de uma presta\u00e7\u00e3o de <strong>servi\u00e7o jur\u00eddico<\/strong> especificamente nesta \u00e1rea \u00e9 importante contar com profissionais que tenham experi\u00eancia e conhecimento neste ramo do direito.<\/p>\n<p style=\"text-align: justify;\">O Direito Trabalhista se baseia em grande parte na normatividade prevista na <a href=\"http:\/\/www.trt02.gov.br\/geral\/tribunal2\/LEGIS\/CLT\/INDICE.html\"><strong>CLT<\/strong><\/a> para poder avaliar os casos que at\u00e9 ele chegam. Sendo assim, \u00e9 importante ter em mente o que esta sigla representa para poder entender a aplica\u00e7\u00e3o do direito neste conceito.<\/p>\n<h2 style=\"text-align: justify;\">O que \u00e9 CLT?<\/h2>\n<p>&nbsp;<\/p>\n<p><img loading=\"lazy\" decoding=\"async\" class=\"alignnone wp-image-37 size-large\" src=\"http:\/\/www.regisadvogados.adv.br\/blog\/wp-content\/uploads\/2016\/10\/carteira_0-1024x667.jpg\" alt=\"direito-trabalhista-Regis Advocacia\" width=\"1024\" height=\"667\" srcset=\"http:\/\/www.regisadvogados.adv.br\/blog\/wp-content\/uploads\/2016\/10\/carteira_0-1024x667.jpg 1024w, http:\/\/www.regisadvogados.adv.br\/blog\/wp-content\/uploads\/2016\/10\/carteira_0-300x195.jpg 300w, http:\/\/www.regisadvogados.adv.br\/blog\/wp-content\/uploads\/2016\/10\/carteira_0-768x500.jpg 768w\" sizes=\"auto, (max-width: 1024px) 100vw, 1024px\" \/><\/p>\n<p style=\"text-align: justify;\">\n<p style=\"text-align: justify;\">CLT \u00e9 a sigla que significa a consolida\u00e7\u00e3o das leis trabalhistas. Ela incide sobre o conjunto de regras criadas para normatizar a contrata\u00e7\u00e3o, manuten\u00e7\u00e3o e demiss\u00e3o de um funcion\u00e1rio em uma empresa.<\/p>\n<p style=\"text-align: justify;\">Esse conjunto de regras que institu\u00edram direitos e deveres tanto do trabalhador, quanto da empresa nas rela\u00e7\u00f5es de trabalho. A partir desta consolida\u00e7\u00e3o que nasceram direitos como o d\u00e9cimo terceiro, licen\u00e7a maternidade, direito a f\u00e9rias entre outros que foram concedidos ao trabalhador.<\/p>\n<h2 style=\"text-align: justify;\">Assessoria jur\u00eddica em Curitiba<\/h2>\n<p style=\"text-align: justify;\">A\u00a0<strong>Regis Advocacia<\/strong>\u00a0\u00e9 um escrit\u00f3rio especializado em prestar assessoria jur\u00eddica para empresas, principalmente na \u00e1rea de atendimento ao direito do trabalho, previdenci\u00e1rio, c\u00edvel, comercial e aos demais ramos do direito aplicado \u00e0 \u00e1rea empresarial. Nosso escrit\u00f3rio \u00e9 formado por profissionais respons\u00e1veis e qualificados para atender as demandas jur\u00eddicas de nossos clientes com grande presteza. Conhe\u00e7a a\u00a0Regis Advocacia, ligue: (41) 3324-9066 ou acesse:\u00a0<a href=\"http:\/\/www.regisadvogados.adv.br\/\">http:\/\/www.regisadvogados.adv.br\/<\/a>.<\/p>\n","protected":false},"excerpt":{"rendered":"<p>Como todos sabem, o Direito atua em diversas \u00e1reas da sociedade visando o bom funcionamento da mesma. No que diz respeito as rela\u00e7\u00f5es de trabalho n\u00e3o seria diferente. O Direito Trabalhista, ou direito do trabalho, incide sobre o conjunto de normas que regem as rela\u00e7\u00f5es entre empregadores e empregados. Sendo assim, ele se mostra de [&hellip;]<\/p>\n","protected":false},"author":1,"featured_media":37,"comment_status":"open","ping_status":"open","sticky":false,"template":"","format":"standard","meta":{"footnotes":""},"categories":[7],"tags":[10,6,8,9],"class_list":["post-34","post","type-post","status-publish","format-standard","has-post-thumbnail","hentry","category-direito-trabalhista","tag-clt","tag-direito-do-trabalhador","tag-direito-trabalhista","tag-relacoes-trabalhistas"],"_links":{"self":[{"href":"http:\/\/www.regisadvogados.adv.br\/blog\/wp-json\/wp\/v2\/posts\/34","targetHints":{"allow":["GET"]}}],"collection":[{"href":"http:\/\/www.regisadvogados.adv.br\/blog\/wp-json\/wp\/v2\/posts"}],"about":[{"href":"http:\/\/www.regisadvogados.adv.br\/blog\/wp-json\/wp\/v2\/types\/post"}],"author":[{"embeddable":true,"href":"http:\/\/www.regisadvogados.adv.br\/blog\/wp-json\/wp\/v2\/users\/1"}],"replies":[{"embeddable":true,"href":"http:\/\/www.regisadvogados.adv.br\/blog\/wp-json\/wp\/v2\/comments?post=34"}],"version-history":[{"count":5,"href":"http:\/\/www.regisadvogados.adv.br\/blog\/wp-json\/wp\/v2\/posts\/34\/revisions"}],"predecessor-version":[{"id":69,"href":"http:\/\/www.regisadvogados.adv.br\/blog\/wp-json\/wp\/v2\/posts\/34\/revisions\/69"}],"wp:featuredmedia":[{"embeddable":true,"href":"http:\/\/www.regisadvogados.adv.br\/blog\/wp-json\/wp\/v2\/media\/37"}],"wp:attachment":[{"href":"http:\/\/www.regisadvogados.adv.br\/blog\/wp-json\/wp\/v2\/media?parent=34"}],"wp:term":[{"taxonomy":"category","embeddable":true,"href":"http:\/\/www.regisadvogados.adv.br\/blog\/wp-json\/wp\/v2\/categories?post=34"},{"taxonomy":"post_tag","embeddable":true,"href":"http:\/\/www.regisadvogados.adv.br\/blog\/wp-json\/wp\/v2\/tags?post=34"}],"curies":[{"name":"wp","href":"https:\/\/api.w.org\/{rel}","templated":true}]}}