{"id":29,"date":"2016-09-25T10:08:34","date_gmt":"2016-09-25T13:08:34","guid":{"rendered":"http:\/\/www.regisadvogados.adv.br\/blog\/?p=29"},"modified":"2016-11-16T10:38:27","modified_gmt":"2016-11-16T12:38:27","slug":"direito-previdenciario","status":"publish","type":"post","link":"http:\/\/www.regisadvogados.adv.br\/blog\/2016\/09\/25\/direito-previdenciario\/","title":{"rendered":"Entenda como o Direito Previdenci\u00e1rio influencia na vida dos Brasileiros"},"content":{"rendered":"<p style=\"text-align: justify;\"><img loading=\"lazy\" decoding=\"async\" class=\"alignnone size-medium wp-image-30\" src=\"http:\/\/www.regisadvogados.adv.br\/blog\/wp-content\/uploads\/2016\/11\/direito-previdenciario-1-300x163.jpg\" alt=\"direito-previdenciario-1\" width=\"300\" height=\"163\" srcset=\"http:\/\/www.regisadvogados.adv.br\/blog\/wp-content\/uploads\/2016\/11\/direito-previdenciario-1-300x163.jpg 300w, http:\/\/www.regisadvogados.adv.br\/blog\/wp-content\/uploads\/2016\/11\/direito-previdenciario-1.jpg 600w\" sizes=\"auto, (max-width: 300px) 100vw, 300px\" \/><\/p>\n<p style=\"text-align: justify;\">O sistema tripartite de <strong>financiamento<\/strong> da <strong>Previd\u00eancia Social<\/strong>, tal qual conhecemos hoje, foi previsto inicialmente na <strong>Constitui\u00e7\u00e3o de 1934<\/strong>. Desta forma, a referida Constitui\u00e7\u00e3o foi a primeira no <strong>Brasil<\/strong> a prever que <strong>trabalhador, empregador<\/strong> e <strong>Estado<\/strong> deveriam contribuir para financiamento da <a href=\"http:\/\/www.previdencia.gov.br\/\"><strong>Previd\u00eancia Social<\/strong><\/a>, que significou um grande progresso de tal Instituto em nosso <strong>pa\u00eds.<\/strong> Sendo assim, o direito tem uma \u00e1rea especifica que tem o intuito de <a href=\"http:\/\/www.regisadvogados.adv.br\/\">mediar as rela\u00e7\u00f5es<\/a> entre as partes envolvidas neste contexto.<\/p>\n<h2 style=\"text-align: justify;\">O que \u00e9 previd\u00eancia social?<\/h2>\n<p><img loading=\"lazy\" decoding=\"async\" class=\"alignnone wp-image-31 size-medium\" src=\"http:\/\/www.regisadvogados.adv.br\/blog\/wp-content\/uploads\/2016\/11\/direito-previdenciario-2-300x186.jpg\" alt=\"direito-previdenciario-Regis Advogados\" width=\"300\" height=\"186\" srcset=\"http:\/\/www.regisadvogados.adv.br\/blog\/wp-content\/uploads\/2016\/11\/direito-previdenciario-2-300x186.jpg 300w, http:\/\/www.regisadvogados.adv.br\/blog\/wp-content\/uploads\/2016\/11\/direito-previdenciario-2-768x476.jpg 768w, http:\/\/www.regisadvogados.adv.br\/blog\/wp-content\/uploads\/2016\/11\/direito-previdenciario-2-1024x635.jpg 1024w\" sizes=\"auto, (max-width: 300px) 100vw, 300px\" \/><\/p>\n<p style=\"text-align: justify;\">A <a href=\"http:\/\/www.previdencia.gov.br\/\"><strong>Previd\u00eancia Social<\/strong><\/a> \u00e9 um seguro p\u00fablico que tem como fun\u00e7\u00e3o garantir que as fontes de renda do <strong>trabalhador<\/strong> e de sua fam\u00edlia sejam mantidas quando ele perde a capacidade de <strong>trabalhar<\/strong> por algum tempo (doen\u00e7a, acidente, maternidade) ou permanentemente (morte, invalidez e velhice). Ela \u00e9 respons\u00e1vel pelo pagamento de diversos <strong>benef\u00edcios do trabalhador<\/strong> <strong>brasileiro<\/strong>, tais como aposentadoria, sal\u00e1rio-maternidade, sal\u00e1rio-fam\u00edlia, aux\u00edlio-doen\u00e7a, aux\u00edlio-acidente e pens\u00e3o por morte. Para ser assegurado pela Previd\u00eancia \u00e9 preciso contribuir regularmente para o <strong>INSS,<\/strong> que \u00e9 o caixa da Previd\u00eancia Social, respons\u00e1vel pelas arrecada\u00e7\u00f5es das contribui\u00e7\u00f5es e pelo pagamento dos benef\u00edcios.<\/p>\n<h2 style=\"text-align: justify;\">O direito previdenci\u00e1rio?<\/h2>\n<p style=\"text-align: justify;\"><img loading=\"lazy\" decoding=\"async\" class=\"alignnone size-medium wp-image-32\" src=\"http:\/\/www.regisadvogados.adv.br\/blog\/wp-content\/uploads\/2016\/11\/direito-previdenciario-300x171.jpg\" alt=\"direito-previdenciario\" width=\"300\" height=\"171\" srcset=\"http:\/\/www.regisadvogados.adv.br\/blog\/wp-content\/uploads\/2016\/11\/direito-previdenciario-300x171.jpg 300w, http:\/\/www.regisadvogados.adv.br\/blog\/wp-content\/uploads\/2016\/11\/direito-previdenciario.jpg 455w\" sizes=\"auto, (max-width: 300px) 100vw, 300px\" \/><\/p>\n<p style=\"text-align: justify;\">O\u00a0<strong>Direito Previdenci\u00e1rio<\/strong>\u00a0est\u00e1 previsto no cap\u00edtulo II (<strong>Direitos Sociais<\/strong>) da <strong>Constitui\u00e7\u00e3o Federal<\/strong>, a qual disp\u00f5e no art. 194 que a gest\u00e3o administrativa da seguridade social \u00e9 quadripartite, ou seja, h\u00e1 a participa\u00e7\u00e3o dos trabalhadores, dos empregadores, dos aposentados e do governo nos \u00f3rg\u00e3os colegiados.<\/p>\n<h2 style=\"text-align: justify;\">Os objetivos da previd\u00eancia p\u00fablica<\/h2>\n<p style=\"text-align: justify;\">A Constitui\u00e7\u00e3o estabelece que a Seguridade Social seja organizada pelo Poder P\u00fablico, com base nos seguintes objetivos:<\/p>\n<ul style=\"text-align: justify;\">\n<li>Universalidade da cobertura e do atendimento;<\/li>\n<li>Uniformidade e equival\u00eancia dos benef\u00edcios e servi\u00e7os \u00e0s popula\u00e7\u00f5es urbanas e rurais;<\/li>\n<li>Seletividade e distributividade na presta\u00e7\u00e3o dos benef\u00edcios e servi\u00e7os;<\/li>\n<li>Irredutibilidade do valor dos benef\u00edcios;<\/li>\n<li>Equidade na forma de participa\u00e7\u00e3o no custeio;<\/li>\n<li>Diversidade da base de financiamento;<\/li>\n<li>Car\u00e1ter democr\u00e1tico e descentralizado da administra\u00e7\u00e3o.<\/li>\n<\/ul>\n<h2 style=\"text-align: justify;\">Excepcionalidades<\/h2>\n<p style=\"text-align: justify;\">Pessoas que trabalham em ambientes prejudiciais \u00e0 sa\u00fade ou a integridade f\u00edsica, podem se aposentar com menos tempo de servi\u00e7o do que a aposentadoria tradicional. De 15 a 25 anos, desde que empregador comprove tempo de trabalho e a exposi\u00e7\u00e3o aos agentes prejudiciais pelo per\u00edodo exigido atrav\u00e9s de um documento chamado PPP &#8211; Perfil Profissional Previdenci\u00e1rio ap\u00f3s um m\u00e9dico do trabalho e um engenheiro de seguran\u00e7a atestarem os riscos em um Laudo T\u00e9cnico.<\/p>\n<h2 style=\"text-align: justify;\">Assessoria jur\u00eddica em Curitiba<\/h2>\n<p style=\"text-align: justify;\">A\u00a0Regis Advocacia\u00a0\u00e9 um escrit\u00f3rio especializado em prestar assessoria jur\u00eddica para empresas, principalmente na \u00e1rea de atendimento ao direito do trabalho, previdenci\u00e1rio, c\u00edvel, comercial e aos demais ramos do direito aplicado \u00e0 \u00e1rea empresarial. Nosso escrit\u00f3rio \u00e9 formado por profissionais respons\u00e1veis e qualificados para atender as demandas jur\u00eddicas de nossos clientes com grande presteza. Conhe\u00e7a a\u00a0Regis Advocacia, ligue: (41) 3324-9066 ou acesse:\u00a0<a href=\"http:\/\/www.regisadvogados.adv.br\/\">http:\/\/www.regisadvogados.adv.br\/<\/a><\/p>\n","protected":false},"excerpt":{"rendered":"<p>O sistema tripartite de financiamento da Previd\u00eancia Social, tal qual conhecemos hoje, foi previsto inicialmente na Constitui\u00e7\u00e3o de 1934. Desta forma, a referida Constitui\u00e7\u00e3o foi a primeira no Brasil a prever que trabalhador, empregador e Estado deveriam contribuir para financiamento da Previd\u00eancia Social, que significou um grande progresso de tal Instituto em nosso pa\u00eds. Sendo [&hellip;]<\/p>\n","protected":false},"author":1,"featured_media":31,"comment_status":"open","ping_status":"open","sticky":false,"template":"","format":"standard","meta":{"footnotes":""},"categories":[3],"tags":[6,4,5],"class_list":["post-29","post","type-post","status-publish","format-standard","has-post-thumbnail","hentry","category-direito-previdenciario","tag-direito-do-trabalhador","tag-direito-previdenciario","tag-previdencia-social"],"_links":{"self":[{"href":"http:\/\/www.regisadvogados.adv.br\/blog\/wp-json\/wp\/v2\/posts\/29","targetHints":{"allow":["GET"]}}],"collection":[{"href":"http:\/\/www.regisadvogados.adv.br\/blog\/wp-json\/wp\/v2\/posts"}],"about":[{"href":"http:\/\/www.regisadvogados.adv.br\/blog\/wp-json\/wp\/v2\/types\/post"}],"author":[{"embeddable":true,"href":"http:\/\/www.regisadvogados.adv.br\/blog\/wp-json\/wp\/v2\/users\/1"}],"replies":[{"embeddable":true,"href":"http:\/\/www.regisadvogados.adv.br\/blog\/wp-json\/wp\/v2\/comments?post=29"}],"version-history":[{"count":3,"href":"http:\/\/www.regisadvogados.adv.br\/blog\/wp-json\/wp\/v2\/posts\/29\/revisions"}],"predecessor-version":[{"id":41,"href":"http:\/\/www.regisadvogados.adv.br\/blog\/wp-json\/wp\/v2\/posts\/29\/revisions\/41"}],"wp:featuredmedia":[{"embeddable":true,"href":"http:\/\/www.regisadvogados.adv.br\/blog\/wp-json\/wp\/v2\/media\/31"}],"wp:attachment":[{"href":"http:\/\/www.regisadvogados.adv.br\/blog\/wp-json\/wp\/v2\/media?parent=29"}],"wp:term":[{"taxonomy":"category","embeddable":true,"href":"http:\/\/www.regisadvogados.adv.br\/blog\/wp-json\/wp\/v2\/categories?post=29"},{"taxonomy":"post_tag","embeddable":true,"href":"http:\/\/www.regisadvogados.adv.br\/blog\/wp-json\/wp\/v2\/tags?post=29"}],"curies":[{"name":"wp","href":"https:\/\/api.w.org\/{rel}","templated":true}]}}