{"id":23,"date":"2016-09-15T09:48:28","date_gmt":"2016-09-15T12:48:28","guid":{"rendered":"http:\/\/www.regisadvogados.adv.br\/blog\/?p=23"},"modified":"2016-11-16T10:06:10","modified_gmt":"2016-11-16T12:06:10","slug":"o-direito-civil","status":"publish","type":"post","link":"http:\/\/www.regisadvogados.adv.br\/blog\/2016\/09\/15\/o-direito-civil\/","title":{"rendered":"O direito civil"},"content":{"rendered":"<p><center><img loading=\"lazy\" decoding=\"async\" class=\"alignnone size-medium wp-image-24 aligncenter\" src=\"http:\/\/www.regisadvogados.adv.br\/blog\/wp-content\/uploads\/2016\/09\/direito-civil-300x300.png\" alt=\"direito-civil\" width=\"300\" height=\"300\" srcset=\"http:\/\/www.regisadvogados.adv.br\/blog\/wp-content\/uploads\/2016\/09\/direito-civil-300x300.png 300w, http:\/\/www.regisadvogados.adv.br\/blog\/wp-content\/uploads\/2016\/09\/direito-civil-150x150.png 150w, http:\/\/www.regisadvogados.adv.br\/blog\/wp-content\/uploads\/2016\/09\/direito-civil-768x768.png 768w, http:\/\/www.regisadvogados.adv.br\/blog\/wp-content\/uploads\/2016\/09\/direito-civil.png 960w\" sizes=\"auto, (max-width: 300px) 100vw, 300px\" \/><\/center><\/p>\n<p style=\"text-align: justify;\">A <strong>hist\u00f3ria<\/strong> da humanidade nos mostra o <strong>conv\u00edvio<\/strong> em <strong>sociedade<\/strong> como algo que impulsionou a evolu\u00e7\u00e3o ra\u00e7a humana. Por\u00e9m, mesmo nos tempos prim\u00f3rdios de conv\u00edvio em bando sem propriedade, as diferentes formas de pensar sempre foram um empecilho nas <strong>rela\u00e7\u00f5es sociais<\/strong>. Sendo assim, se fez necess\u00e1rio a cria\u00e7\u00e3o de <strong>regras<\/strong> e <strong>normas<\/strong> que regessem a <strong>viv\u00eancia entre as pessoas<\/strong>. A partir da\u00ed, mesmo que n\u00e3o intencionalmente, come\u00e7a a <strong>formula\u00e7\u00e3o<\/strong> de algumas das <strong>\u00e1reas do direito<\/strong>.<\/p>\n<p style=\"text-align: justify;\">Com o passar dos anos isso evolui e da origem a forma e exerc\u00edcio de <strong>direito<\/strong> como conhecemos hoje. O <strong>Direito Civil<\/strong> \u00e9 uma das \u00e1reas que mais evoluiu durante o perpassar temporal. Pois nele s\u00e3o refletidas claramente algumas das caracter\u00edsticas mais presentes e subjetivas da <strong>sociedade<\/strong> e no recorte temporal em que est\u00e1 inserido.<\/p>\n<h2 style=\"text-align: justify;\">O Direito Civil<\/h2>\n<p style=\"text-align: justify;\">O <a href=\"http:\/\/www.regisadvogados.adv.br\/\">Direito Civil<\/a> trata-se de um conjunto de normas, as quais visam regulamentar as rela\u00e7\u00f5es jur\u00eddicas entre as pessoas, sejam elas naturais ou jur\u00eddicas.<\/p>\n<p style=\"text-align: justify;\">Sendo o principal ramo do direito privado, o Direito Civil trata-se de um conjunto de normas, as quais visam regulamentar as rela\u00e7\u00f5es jur\u00eddicas entre as pessoas, sejam elas naturais ou jur\u00eddicas. Essas normas regem nossas vidas desde a concep\u00e7\u00e3o at\u00e9 a morte, garantindo seus direitos e deveres em todos os momentos.<\/p>\n<h2 style=\"text-align: justify;\">O estudo do direito civil<\/h2>\n<p style=\"text-align: justify;\">O principal corpo de normas encontra-se no <a href=\"http:\/\/www.planalto.gov.br\/ccivil_03\/leis\/2002\/L10406.htm\">C\u00f3digo Civil<\/a>, onde \u00e9 poss\u00edvel encontrar mat\u00e9rias das mais variadas naturezas, sejam a respeito de pessoas f\u00edsicas ou jur\u00eddicas. Sendo assim, a orienta\u00e7\u00e3o jur\u00eddica sobre o direito civil \u00e9 de extrema import\u00e2ncia para todo cidad\u00e3o.<\/p>\n<p style=\"text-align: justify;\">O Direito Civil n\u00e3o se encontra por completo no C\u00f3digo Civil, mas no entanto, o Direito Civil abrange C\u00f3digo Civil, por que este ramo do Direito \u00e9 mais ampla que C\u00f3digo em refer\u00eancia, porquanto \u00e9 ci\u00eancia, enquanto C\u00f3digo Civil \u00e9 agrupamento sistem\u00e1tica e organizada de certas normas civis.<\/p>\n<p style=\"text-align: justify;\">O estudioso do direito civil deve ter em mente a sua import\u00e2ncia da vida em sociedade. Isto porque \u00e9 ele mesmo, importante ramo da ci\u00eancia do direito e do direito positivo, que regular\u00e1 a vida dos cidad\u00e3os comuns nas suas rela\u00e7\u00f5es jur\u00eddicas rec\u00edprocas.<\/p>\n<h2 style=\"text-align: justify;\">O c\u00f3digo civil<\/h2>\n<p style=\"text-align: justify;\">Quando a gente fala em C\u00f3digo \u00e9 preciso que se entenda que objetivo \u00e9 buscar organizar um conjunto de normas jur\u00eddicas que rege as rela\u00e7\u00f5es em sociedade, sendo neste caso C\u00f3digo Civil, diploma legal que ordena as normas jur\u00eddicas que regem as rela\u00e7\u00f5es jur\u00eddicas privadas.<\/p>\n<p style=\"text-align: justify;\">C\u00f3digo Civil disciplina mat\u00e9rias relativas \u00e0s pessoas, aos atos e neg\u00f3cios jur\u00eddicos, aos bens e aos direitos a eles inerentes, \u00e0s obriga\u00e7\u00f5es, aos contratos, \u00e0 fam\u00edlia e \u00e0s sucess\u00f5es (estas \u00faltimas, ou sejam, a quem os bens atribu\u00eddos ap\u00f3s a morte de algu\u00e9m). Estabelece ainda regime das pessoas jur\u00eddicas, tanto as de natureza civil, propriamente dita, quanto aquelas que atuam no \u00e2mbito do direito comercial ou direito de empresa.<\/p>\n<h2 style=\"text-align: justify;\">Assessoria jur\u00eddica em Curitiba<\/h2>\n<p style=\"text-align: justify;\">A\u00a0<strong>Regis Advocacia<\/strong>\u00a0\u00e9 um escrit\u00f3rio especializado em prestar assessoria jur\u00eddica para empresas, principalmente na \u00e1rea de atendimento ao direito do trabalho, previdenci\u00e1rio, c\u00edvel, comercial e aos demais ramos do direito aplicado \u00e0 \u00e1rea empresarial. Nosso escrit\u00f3rio \u00e9 formado por profissionais respons\u00e1veis e qualificados para atender as demandas jur\u00eddicas de nossos clientes com grande presteza. Conhe\u00e7a a\u00a0<strong>Regis Advocacia<\/strong>, ligue: (41) 3324-9066 ou acesse:\u00a0<a href=\"http:\/\/www.regisadvogados.adv.br\/\">http:\/\/www.regisadvogados.adv.br\/<\/a>.<\/p>\n","protected":false},"excerpt":{"rendered":"<p>A hist\u00f3ria da humanidade nos mostra o conv\u00edvio em sociedade como algo que impulsionou a evolu\u00e7\u00e3o ra\u00e7a humana. Por\u00e9m, mesmo nos tempos prim\u00f3rdios de conv\u00edvio em bando sem propriedade, as diferentes formas de pensar sempre foram um empecilho nas rela\u00e7\u00f5es sociais. Sendo assim, se fez necess\u00e1rio a cria\u00e7\u00e3o de regras e normas que regessem a [&hellip;]<\/p>\n","protected":false},"author":1,"featured_media":24,"comment_status":"open","ping_status":"open","sticky":true,"template":"","format":"standard","meta":{"footnotes":""},"categories":[2],"tags":[],"class_list":["post-23","post","type-post","status-publish","format-standard","has-post-thumbnail","hentry","category-geral"],"_links":{"self":[{"href":"http:\/\/www.regisadvogados.adv.br\/blog\/wp-json\/wp\/v2\/posts\/23","targetHints":{"allow":["GET"]}}],"collection":[{"href":"http:\/\/www.regisadvogados.adv.br\/blog\/wp-json\/wp\/v2\/posts"}],"about":[{"href":"http:\/\/www.regisadvogados.adv.br\/blog\/wp-json\/wp\/v2\/types\/post"}],"author":[{"embeddable":true,"href":"http:\/\/www.regisadvogados.adv.br\/blog\/wp-json\/wp\/v2\/users\/1"}],"replies":[{"embeddable":true,"href":"http:\/\/www.regisadvogados.adv.br\/blog\/wp-json\/wp\/v2\/comments?post=23"}],"version-history":[{"count":2,"href":"http:\/\/www.regisadvogados.adv.br\/blog\/wp-json\/wp\/v2\/posts\/23\/revisions"}],"predecessor-version":[{"id":27,"href":"http:\/\/www.regisadvogados.adv.br\/blog\/wp-json\/wp\/v2\/posts\/23\/revisions\/27"}],"wp:featuredmedia":[{"embeddable":true,"href":"http:\/\/www.regisadvogados.adv.br\/blog\/wp-json\/wp\/v2\/media\/24"}],"wp:attachment":[{"href":"http:\/\/www.regisadvogados.adv.br\/blog\/wp-json\/wp\/v2\/media?parent=23"}],"wp:term":[{"taxonomy":"category","embeddable":true,"href":"http:\/\/www.regisadvogados.adv.br\/blog\/wp-json\/wp\/v2\/categories?post=23"},{"taxonomy":"post_tag","embeddable":true,"href":"http:\/\/www.regisadvogados.adv.br\/blog\/wp-json\/wp\/v2\/tags?post=23"}],"curies":[{"name":"wp","href":"https:\/\/api.w.org\/{rel}","templated":true}]}}