{"id":12,"date":"2016-08-25T14:45:37","date_gmt":"2016-08-25T17:45:37","guid":{"rendered":"http:\/\/www.regisadvogados.adv.br\/blog\/?p=12"},"modified":"2019-04-26T11:04:53","modified_gmt":"2019-04-26T14:04:53","slug":"advocacia-preventiva-empresarial","status":"publish","type":"post","link":"http:\/\/www.regisadvogados.adv.br\/blog\/2016\/08\/25\/advocacia-preventiva-empresarial\/","title":{"rendered":"Advocacia preventiva empresarial"},"content":{"rendered":"<p style=\"text-align: justify;\">O <strong>direito<\/strong>, em <strong>\u00e2mbito empresarial<\/strong>, \u00e9 usado geralmente para situa\u00e7\u00f5es onde o controle j\u00e1 foi perdido. Por\u00e9m, isso vem mudando. A <strong>advocacia empresarial<\/strong>, quando bem feita, pode ser utilizada para prevenir que muitas <strong>quest\u00f5es jur\u00eddicas<\/strong> saiam de controle. Sendo assim, \u00e9 uma <strong>importante<\/strong> ferramenta para a <strong>empresa<\/strong>.<\/p>\n<p style=\"text-align: justify;\">De alguns anos pra c\u00e1 os tributos aumentaram, praticamente dobraram, as <strong>empresas<\/strong> est\u00e3o tendo muitas dificuldades, tanto para obter capital de giro a custa dos juros muito elevado, como para manter pre\u00e7o. Brasil \u00e9 um dos pa\u00edses que tem os juros mais elevados do mundo. A tributa\u00e7\u00e3o \u00e9 na produ\u00e7\u00e3o e no consumo, e isso faz com que os produtos brasileiros se tornem produtos muito caros. Brasil tornou- se um pa\u00eds caro! E \u00e9 a\u00ed onde entra a <strong>advocacia preventiva empresarial<\/strong>, no sentindo de diminuir poss\u00edveis perdas com a\u00e7\u00f5es trabalhistas, contratos mal formulados, entre outros.<\/p>\n<p style=\"text-align: justify;\">A <b>Regis Advocacia &amp; Consultoria<\/b>\u00a0\u00e9 um escrit\u00f3rio focado nas demandas inerentes ao universo <strong>empresarial<\/strong>. Com <strong>respeito<\/strong> a nosso cliente, oferecemos sempre uma <strong><a href=\"http:\/\/bibliotecadigital.fgv.br\/dspace\/bitstream\/handle\/10438\/3971\/000306009.pdf?sequence=1\">assessoria jur\u00eddica<\/a><\/strong> de qualidade, com uma <strong>equipe de advogados<\/strong> qualificada para ajudar os seus neg\u00f3cios a se desenvolverem de forma positiva no <strong>mercado atual<\/strong>.<\/p>\n<h2 style=\"text-align: justify;\">O direito na \u00e1rea empresarial<\/h2>\n<p style=\"text-align: justify;\">Atualmente as quest\u00f5es <strong>empresariais<\/strong> est\u00e3o cada vez mais complicadas de se lidar. Os <strong>empres\u00e1rios<\/strong> t\u00eam de atender as demandas internas da <strong>empresa<\/strong>, se atentar ao ambiente externo a <strong>organiza\u00e7\u00e3o<\/strong>, a <strong>situa\u00e7\u00e3o econ\u00f4mica<\/strong> do pa\u00eds e as diversas situa\u00e7\u00f5es que aparecem no decorrer do desenvolvimento do <strong>neg\u00f3cio<\/strong>. Aliado a isso, muitas vezes, as empresas n\u00e3o possuem um <strong>setor jur\u00eddico<\/strong> pr\u00f3prio. Sendo assim, \u00e9 necess\u00e1rio que a administra\u00e7\u00e3o conte com um <strong>escrit\u00f3rio de advocacia<\/strong> <strong>respons\u00e1vel<\/strong> e de <strong>confian\u00e7a<\/strong> para resolver as <strong>quest\u00f5es jur\u00eddicas<\/strong> que um neg\u00f3cio demanda.<\/p>\n<p style=\"text-align: justify;\">Aos s\u00f3cios de uma empresa cabe avaliar mercados, compreender modelo decis\u00f3rio de poss\u00edveis clientes, organizar a for\u00e7a de angaria\u00e7\u00e3o \u00e9tica e uma comunica\u00e7\u00e3o de qualidade \u00e9\u00a0a cartilha que s\u00f3cios conscientes deveriam decorar.<\/p>\n<p style=\"text-align: justify;\">Al\u00e9m disso, cabe a ele tamb\u00e9m eleger uma assessoria jur\u00eddica de qualidade para a empresa, pois este setor \u00e9 um item que ajuda a gerir todos estes aspectos e deve andar de m\u00e3os dadas com uma estrat\u00e9gia de mercado clara e consistente.<\/p>\n<h2 style=\"text-align: justify;\">Advocacia preventiva empresarial<\/h2>\n<p style=\"text-align: justify;\">A advocacia preventiva empresarial pode impedir surgimento de demandas judiciais, evitando desgaste das partes envolvidas, e mesmo as pesadas custas judiciais a que todos est\u00e3o sujeitos. Mais do que isso pode evitar recorrer \u00e0 Justi\u00e7a que atualmente n\u00e3o \u00e9 neg\u00f3cio para ningu\u00e9m, muito menos para empresas, em raz\u00e3o de sua lentid\u00e3o e incerteza do resultado.<\/p>\n<p style=\"text-align: justify;\">O planejamento empresarial tamb\u00e9m \u00e9 ponto forte da advocacia empresarial, \u00e9 por esse instrumento que a empresa tra\u00e7a suas metas de curto e longo prazo. No mundo empresarial \u00e9 preciso ser forte, por isso a necessidade deste plano se faz necess\u00e1ria, pois a partir dele consegue-se tra\u00e7ar metas, objetivos e o melhor caminho a tomar para atingi-los. \u00a0Com isso, um profissional do direito, devidamente capacitado na \u00e1rea, faz toda a diferen\u00e7a.<\/p>\n<h2 style=\"text-align: justify;\">Assessoria jur\u00eddica em Curitiba<\/h2>\n<p style=\"text-align: justify;\">A <strong>Regis Advocacia<\/strong> \u00e9 um escrit\u00f3rio especializado em prestar assessoria jur\u00eddica para empresas, principalmente na \u00e1rea de atendimento ao direito do trabalho, previdenci\u00e1rio, c\u00edvel, comercial e aos demais ramos do direito aplicado \u00e0 \u00e1rea empresarial. Nosso escrit\u00f3rio \u00e9 formado por profissionais respons\u00e1veis e qualificados para atender as demandas jur\u00eddicas de nossos clientes com grande presteza. Conhe\u00e7a a <strong>Regis Advocacia<\/strong>, ligue: (41) 3324-9066 ou acesse: <a href=\"http:\/\/www.regisadvogados.adv.br\/\">http:\/\/www.regisadvogados.adv.br\/<\/a>.<\/p>\n<p style=\"text-align: justify;\"><img loading=\"lazy\" decoding=\"async\" class=\"alignnone wp-image-13 size-full\" src=\"http:\/\/www.regisadvogados.adv.br\/blog\/wp-content\/uploads\/2016\/08\/direito-empresarial.png\" alt=\"direito empresarial\" width=\"960\" height=\"720\" srcset=\"http:\/\/www.regisadvogados.adv.br\/blog\/wp-content\/uploads\/2016\/08\/direito-empresarial.png 960w, http:\/\/www.regisadvogados.adv.br\/blog\/wp-content\/uploads\/2016\/08\/direito-empresarial-300x225.png 300w, http:\/\/www.regisadvogados.adv.br\/blog\/wp-content\/uploads\/2016\/08\/direito-empresarial-768x576.png 768w\" sizes=\"auto, (max-width: 960px) 100vw, 960px\" \/><\/p>\n<p>&nbsp;<\/p>\n","protected":false},"excerpt":{"rendered":"<p>O direito, em \u00e2mbito empresarial, \u00e9 usado geralmente para situa\u00e7\u00f5es onde o controle j\u00e1 foi perdido. Por\u00e9m, isso vem mudando. A advocacia empresarial, quando bem feita, pode ser utilizada para prevenir que muitas quest\u00f5es jur\u00eddicas saiam de controle. Sendo assim, \u00e9 uma importante ferramenta para a empresa. De alguns anos pra c\u00e1 os tributos aumentaram, [&hellip;]<\/p>\n","protected":false},"author":1,"featured_media":13,"comment_status":"closed","ping_status":"closed","sticky":false,"template":"","format":"standard","meta":{"footnotes":""},"categories":[2],"tags":[],"class_list":["post-12","post","type-post","status-publish","format-standard","has-post-thumbnail","hentry","category-geral"],"_links":{"self":[{"href":"http:\/\/www.regisadvogados.adv.br\/blog\/wp-json\/wp\/v2\/posts\/12","targetHints":{"allow":["GET"]}}],"collection":[{"href":"http:\/\/www.regisadvogados.adv.br\/blog\/wp-json\/wp\/v2\/posts"}],"about":[{"href":"http:\/\/www.regisadvogados.adv.br\/blog\/wp-json\/wp\/v2\/types\/post"}],"author":[{"embeddable":true,"href":"http:\/\/www.regisadvogados.adv.br\/blog\/wp-json\/wp\/v2\/users\/1"}],"replies":[{"embeddable":true,"href":"http:\/\/www.regisadvogados.adv.br\/blog\/wp-json\/wp\/v2\/comments?post=12"}],"version-history":[{"count":2,"href":"http:\/\/www.regisadvogados.adv.br\/blog\/wp-json\/wp\/v2\/posts\/12\/revisions"}],"predecessor-version":[{"id":75,"href":"http:\/\/www.regisadvogados.adv.br\/blog\/wp-json\/wp\/v2\/posts\/12\/revisions\/75"}],"wp:featuredmedia":[{"embeddable":true,"href":"http:\/\/www.regisadvogados.adv.br\/blog\/wp-json\/wp\/v2\/media\/13"}],"wp:attachment":[{"href":"http:\/\/www.regisadvogados.adv.br\/blog\/wp-json\/wp\/v2\/media?parent=12"}],"wp:term":[{"taxonomy":"category","embeddable":true,"href":"http:\/\/www.regisadvogados.adv.br\/blog\/wp-json\/wp\/v2\/categories?post=12"},{"taxonomy":"post_tag","embeddable":true,"href":"http:\/\/www.regisadvogados.adv.br\/blog\/wp-json\/wp\/v2\/tags?post=12"}],"curies":[{"name":"wp","href":"https:\/\/api.w.org\/{rel}","templated":true}]}}